{"id":2581,"date":"2025-11-17T12:22:42","date_gmt":"2025-11-17T11:22:42","guid":{"rendered":"https:\/\/jeunechoeurhautsdefrance.org\/?p=2581"},"modified":"2026-03-08T10:36:17","modified_gmt":"2026-03-08T09:36:17","slug":"ecume-des-jours-denisov-opera-de-lille-novembre-2025-2","status":"publish","type":"post","link":"https:\/\/jeunechoeurhautsdefrance.org\/index.php\/2025\/11\/17\/ecume-des-jours-denisov-opera-de-lille-novembre-2025-2\/","title":{"rendered":"Ecume des Jours &#8211; DENISOV &#8211; Op\u00e9ra de Lille, novembre 2025 &#8211; DIAPASON"},"content":{"rendered":"\n<div style=\"height:46px\" aria-hidden=\"true\" class=\"wp-block-spacer\"><\/div>\n\n\n\n<p>En novembre 2025, deux jeunes solistes du Jeune Choeur des Hauts-de-France ont eu la chance de participer \u00e0 la production de l\u2019\u00c9cume des jours d\u2019Edison Denisov, \u00e0 l\u2019Op\u00e9ra de Lille.<\/p>\n\n\n\n<p>En alternance sur sc\u00e8ne, Madeleine PENET-AVEZ et Violette PICOT, du 5 au 15 novembre 2025, pour 5 repr\u00e9sentations.<\/p>\n\n\n\n<p>Direction : Bassem AKIKI<\/p>\n\n\n\n<p>Mise en sc\u00e8ne : Anna SMOLAR<\/p>\n\n\n\n<p>Op\u00e9ra en trois actes d\u2019Edison Denisov (1929-1996)<br>Livret du compositeur d\u2019apr\u00e8s le roman \u00e9ponyme de Boris Vian (1920-1959)<br>Cr\u00e9\u00e9 en 1986 \u00e0 l\u2019Op\u00e9ra-Comique (Paris)<\/p>\n\n\n\n<p>\u00ab&nbsp;Colin r\u00e9gale ses amis des plats de son cuisinier Nicolas, invente un pianocktail pour accorder les boissons aux m\u00e9lodies, et r\u00eave du grand amour. Quand Chlo\u00e9 entre dans sa vie, le bonheur semble total. Mais un sinistre n\u00e9nuphar cro\u00eet lentement dans le poumon de la jeune femme.&nbsp;\u00bb<\/p>\n\n\n\n<p><a href=\"https:\/\/www.diapasonmag.fr\/critiques\/lecume-des-jours-de-denisov-revit-a-lille-60137.html#item=1\">https:\/\/www.diapasonmag.fr\/critiques\/lecume-des-jours-de-denisov-revit-a-lille-60137.html#item=1<\/a><\/p>\n\n\n\n<p>https:\/\/www.lessentiel.fr\/lille\/portraits\/2025-12-15\/violette-et-madeleine-2-apprenties-cantatrices-lopera-de-lille-12405<\/p>\n","protected":false},"excerpt":{"rendered":"<p>En novembre 2025, deux jeunes solistes du Jeune Choeur des Hauts-de-France ont eu la chance de participer \u00e0 la production de l\u2019\u00c9cume des jours d\u2019Edison Denisov, \u00e0 l\u2019Op\u00e9ra de Lille.<\/p>\n","protected":false},"author":5,"featured_media":2582,"comment_status":"closed","ping_status":"","sticky":false,"template":"","format":"standard","meta":{"footnotes":""},"categories":[4],"tags":[],"_links":{"self":[{"href":"https:\/\/jeunechoeurhautsdefrance.org\/index.php\/wp-json\/wp\/v2\/posts\/2581"}],"collection":[{"href":"https:\/\/jeunechoeurhautsdefrance.org\/index.php\/wp-json\/wp\/v2\/posts"}],"about":[{"href":"https:\/\/jeunechoeurhautsdefrance.org\/index.php\/wp-json\/wp\/v2\/types\/post"}],"author":[{"embeddable":true,"href":"https:\/\/jeunechoeurhautsdefrance.org\/index.php\/wp-json\/wp\/v2\/users\/5"}],"replies":[{"embeddable":true,"href":"https:\/\/jeunechoeurhautsdefrance.org\/index.php\/wp-json\/wp\/v2\/comments?post=2581"}],"version-history":[{"count":4,"href":"https:\/\/jeunechoeurhautsdefrance.org\/index.php\/wp-json\/wp\/v2\/posts\/2581\/revisions"}],"predecessor-version":[{"id":2751,"href":"https:\/\/jeunechoeurhautsdefrance.org\/index.php\/wp-json\/wp\/v2\/posts\/2581\/revisions\/2751"}],"wp:featuredmedia":[{"embeddable":true,"href":"https:\/\/jeunechoeurhautsdefrance.org\/index.php\/wp-json\/wp\/v2\/media\/2582"}],"wp:attachment":[{"href":"https:\/\/jeunechoeurhautsdefrance.org\/index.php\/wp-json\/wp\/v2\/media?parent=2581"}],"wp:term":[{"taxonomy":"category","embeddable":true,"href":"https:\/\/jeunechoeurhautsdefrance.org\/index.php\/wp-json\/wp\/v2\/categories?post=2581"},{"taxonomy":"post_tag","embeddable":true,"href":"https:\/\/jeunechoeurhautsdefrance.org\/index.php\/wp-json\/wp\/v2\/tags?post=2581"}],"curies":[{"name":"wp","href":"https:\/\/api.w.org\/{rel}","templated":true}]}}