{"id":2578,"date":"2025-11-17T12:19:50","date_gmt":"2025-11-17T11:19:50","guid":{"rendered":"https:\/\/jeunechoeurhautsdefrance.org\/?p=2578"},"modified":"2026-02-19T19:56:32","modified_gmt":"2026-02-19T18:56:32","slug":"montag-aus-licht-stockhausen-philharmonie-de-paris-novembre-2025","status":"publish","type":"post","link":"https:\/\/jeunechoeurhautsdefrance.org\/index.php\/2025\/11\/17\/montag-aus-licht-stockhausen-philharmonie-de-paris-novembre-2025\/","title":{"rendered":"Montag aus Licht &#8211; Stockhausen &#8211; Philharmonie de Paris &#8211; novembre 2025 &#8211; New-York Times"},"content":{"rendered":"\n<div style=\"height:40px\" aria-hidden=\"true\" class=\"wp-block-spacer\"><\/div>\n\n\n\n<p>Apr\u00e8s un succ\u00e8s \u00e0 l\u2019Op\u00e9ra de Lille en janvier 2025, c\u2019est une immense joie pour le Jeune Ch\u0153ur des Hauts-de-France d\u2019interpr\u00e9ter \u00e0 nouveau&nbsp;<em>Montag aus Licht<\/em>&nbsp;de K. Stockhausen (Acte 3), mais cette fois-ci, \u00e0 la Philharmonie de Paris, le 29 novembre 2025.<\/p>\n\n\n\n<p>Le professionnalisme des ch\u0153urs d\u2019enfants est mis \u00e0 l\u2019honneur dans cette fabuleuse distribution, puisque les actes 1 et 2 seront interpr\u00e9t\u00e9s respectivement par la Ma\u00eetrise de Radio France, et des solistes du Trinity Boys Choir.&nbsp;<\/p>\n\n\n\n<p><em>Coproduction Le Balcon, Festival d\u2019Automne \u00e0 Paris, Op\u00e9ra de Lille, Philharmonie de Paris<\/em><\/p>\n\n\n\n<p><a href=\"https:\/\/www.nytimes.com\/2025\/11\/14\/arts\/music\/montag-licht-stockhausen-paris.html\">https:\/\/www.nytimes.com\/2025\/11\/14\/arts\/music\/montag-licht-stockhausen-paris.html<\/a><\/p>\n\n\n\n<figure class=\"wp-block-video\"><video controls src=\"https:\/\/jeunechoeurhautsdefrance.org\/wp-content\/uploads\/2026\/02\/JT_jeune-choeur-hdf.mp4\"><\/video><\/figure>\n\n\n\n<p>Reportage de FR3 : \u00ab\u00a0Ici 19\/20 Nord Pas de Calais\u00a0\u00bb de C\u00e9line ROUSSEAUX &#8211; 02\/12\/2025<\/p>\n","protected":false},"excerpt":{"rendered":"<p>Apr\u00e8s un succ\u00e8s \u00e0 l\u2019Op\u00e9ra de Lille en janvier 2025, c\u2019est une immense joie pour le Jeune Ch\u0153ur des Hauts-de-France d\u2019interpr\u00e9ter \u00e0 nouveau\u00a0Montag aus Licht\u00a0de K. Stockhausen (Acte 3), mais cette fois-ci, \u00e0 la Philharmonie de Paris, le 29 novembre 2025.<\/p>\n","protected":false},"author":5,"featured_media":2579,"comment_status":"closed","ping_status":"","sticky":false,"template":"","format":"standard","meta":{"footnotes":""},"categories":[4],"tags":[],"_links":{"self":[{"href":"https:\/\/jeunechoeurhautsdefrance.org\/index.php\/wp-json\/wp\/v2\/posts\/2578"}],"collection":[{"href":"https:\/\/jeunechoeurhautsdefrance.org\/index.php\/wp-json\/wp\/v2\/posts"}],"about":[{"href":"https:\/\/jeunechoeurhautsdefrance.org\/index.php\/wp-json\/wp\/v2\/types\/post"}],"author":[{"embeddable":true,"href":"https:\/\/jeunechoeurhautsdefrance.org\/index.php\/wp-json\/wp\/v2\/users\/5"}],"replies":[{"embeddable":true,"href":"https:\/\/jeunechoeurhautsdefrance.org\/index.php\/wp-json\/wp\/v2\/comments?post=2578"}],"version-history":[{"count":7,"href":"https:\/\/jeunechoeurhautsdefrance.org\/index.php\/wp-json\/wp\/v2\/posts\/2578\/revisions"}],"predecessor-version":[{"id":2716,"href":"https:\/\/jeunechoeurhautsdefrance.org\/index.php\/wp-json\/wp\/v2\/posts\/2578\/revisions\/2716"}],"wp:featuredmedia":[{"embeddable":true,"href":"https:\/\/jeunechoeurhautsdefrance.org\/index.php\/wp-json\/wp\/v2\/media\/2579"}],"wp:attachment":[{"href":"https:\/\/jeunechoeurhautsdefrance.org\/index.php\/wp-json\/wp\/v2\/media?parent=2578"}],"wp:term":[{"taxonomy":"category","embeddable":true,"href":"https:\/\/jeunechoeurhautsdefrance.org\/index.php\/wp-json\/wp\/v2\/categories?post=2578"},{"taxonomy":"post_tag","embeddable":true,"href":"https:\/\/jeunechoeurhautsdefrance.org\/index.php\/wp-json\/wp\/v2\/tags?post=2578"}],"curies":[{"name":"wp","href":"https:\/\/api.w.org\/{rel}","templated":true}]}}